{"id":7700,"date":"2020-07-21T09:41:37","date_gmt":"2020-07-21T09:41:37","guid":{"rendered":"http:\/\/www.pasassezdetemps.com\/?p=7700"},"modified":"2020-07-21T09:42:17","modified_gmt":"2020-07-21T09:42:17","slug":"altertour","status":"publish","type":"post","link":"https:\/\/www.pasassezdetemps.com\/?p=7700","title":{"rendered":"AlterTour"},"content":{"rendered":"<p><strong><span style=\"color: #008000;\"><a href=\"http:\/\/www.pasassezdetemps.com\/wp-content\/uploads\/2020\/07\/IMG_3876.jpg\"><img loading=\"lazy\" decoding=\"async\" class=\"alignnone size-large wp-image-7702\" title=\"IMG_3876\" src=\"http:\/\/www.pasassezdetemps.com\/wp-content\/uploads\/2020\/07\/IMG_3876-1024x768.jpg\" alt=\"\" width=\"584\" height=\"438\" srcset=\"https:\/\/www.pasassezdetemps.com\/wp-content\/uploads\/2020\/07\/IMG_3876-1024x768.jpg 1024w, https:\/\/www.pasassezdetemps.com\/wp-content\/uploads\/2020\/07\/IMG_3876-300x225.jpg 300w, https:\/\/www.pasassezdetemps.com\/wp-content\/uploads\/2020\/07\/IMG_3876-400x300.jpg 400w, https:\/\/www.pasassezdetemps.com\/wp-content\/uploads\/2020\/07\/IMG_3876.jpg 1280w\" sizes=\"(max-width: 584px) 100vw, 584px\" \/><\/a><br \/>\nAlterTour<\/span> fait le <span style=\"color: #008000;\">tour<\/span> des <span style=\"color: #008000;\">alter<\/span>natives, <em>\u00ab\u00a0un tour itin\u00e9rant pour la transition \u00e9cologique et sociale\u00a0\u00bb<\/em> disent-ils sur leur site. Tu t\u2019inscris et, pour une somme variable selon tes revenus, tu suis le mouvement en v\u00e9lo pendant quelques jours. Ou m\u00eame tout le long du parcours. Mais attention, \u00e7a a commenc\u00e9 mercredi 8 juillet et \u00e7a ne finira que samedi 22 ao\u00fbt pour l\u2019\u00e9dition 2020, autant dire que tu auras des mollets d\u2019acier si tu p\u00e9dales aussi longtemps\u00a0!<\/strong><br \/>\n<span style=\"color: #800000;\"><strong><span style=\"color: #008000;\">AlterTour<\/span> goes around (<span style=\"color: #008000;\">tour<\/span>) the <span style=\"color: #008000;\">alter<\/span>natives, <em>\u00ab\u00a0a traveling tour for ecological and social transition\u00a0\u00bb<\/em> they say on their site. You sign up and, for a variable amount depending on your income, you follow the bike movement for a few days. Or even all along the route. But beware, it started on Wednesday July 8 and it will not end until Saturday August 22 for the 2020 edition, which means that you will have steel calves if you pedal this long!<\/strong><\/span><\/p>\n<p><a href=\"http:\/\/www.pasassezdetemps.com\/wp-content\/uploads\/2020\/07\/Capture-d\u2019e\u0301cran-2020-07-21-a\u0300-09.04.34.jpg\"><img loading=\"lazy\" decoding=\"async\" class=\"alignnone size-large wp-image-7703\" title=\"Capture d\u2019e\u0301cran 2020-07-21 a\u0300 09.04.34\" src=\"http:\/\/www.pasassezdetemps.com\/wp-content\/uploads\/2020\/07\/Capture-d\u2019e\u0301cran-2020-07-21-a\u0300-09.04.34-1024x724.jpg\" alt=\"\" width=\"584\" height=\"412\" srcset=\"https:\/\/www.pasassezdetemps.com\/wp-content\/uploads\/2020\/07\/Capture-d\u2019e\u0301cran-2020-07-21-a\u0300-09.04.34-1024x724.jpg 1024w, https:\/\/www.pasassezdetemps.com\/wp-content\/uploads\/2020\/07\/Capture-d\u2019e\u0301cran-2020-07-21-a\u0300-09.04.34-300x212.jpg 300w, https:\/\/www.pasassezdetemps.com\/wp-content\/uploads\/2020\/07\/Capture-d\u2019e\u0301cran-2020-07-21-a\u0300-09.04.34.jpg 1280w\" sizes=\"(max-width: 584px) 100vw, 584px\" \/><\/a><\/p>\n<p><a href=\"http:\/\/www.altercampagne.net\"><strong>Le site d&rsquo;AlterTour, cliquer ici \u2014 Site of AlterTour, click here<\/strong><\/a><\/p>\n<p><span style=\"color: #000000;\"><strong>Une soixantaine de personnes a ainsi d\u00e9senfourch\u00e9 son v\u00e9lo \u00e0 la ferme de l\u2019Abreuvoir \u00e0 St-Sorlin-de-Morestel pour y passer deux nuits. Apr\u00e8s une belle \u00e9tape de soixante-dix kilom\u00e8tres. C\u2019est aussi la ferme o\u00f9 je vais chaque jeudi chercher ma commande alimentaire.<\/strong><\/span><br \/>\n<span style=\"color: #800000;\"><strong>About 60 people got off their bikes at the farm l\u2019Abreuvoir in St-Sorlin-de-Morestel to spend two nights there. After a beautiful stage of seventy kilometers. It\u2019s also the farm where I go to get my food order every Thursday.<br \/>\n<a href=\"http:\/\/www.pasassezdetemps.com\/wp-content\/uploads\/2020\/07\/IMG_3880.jpg\"><img loading=\"lazy\" decoding=\"async\" class=\"alignnone size-large wp-image-7707\" title=\"IMG_3880\" src=\"http:\/\/www.pasassezdetemps.com\/wp-content\/uploads\/2020\/07\/IMG_3880-1024x651.jpg\" alt=\"\" width=\"584\" height=\"371\" srcset=\"https:\/\/www.pasassezdetemps.com\/wp-content\/uploads\/2020\/07\/IMG_3880-1024x651.jpg 1024w, https:\/\/www.pasassezdetemps.com\/wp-content\/uploads\/2020\/07\/IMG_3880-300x190.jpg 300w, https:\/\/www.pasassezdetemps.com\/wp-content\/uploads\/2020\/07\/IMG_3880-471x300.jpg 471w, https:\/\/www.pasassezdetemps.com\/wp-content\/uploads\/2020\/07\/IMG_3880.jpg 1280w\" sizes=\"(max-width: 584px) 100vw, 584px\" \/><\/a><br \/>\n<\/strong><\/span><\/p>\n<p><strong>L\u2019Abreuvoir \u00e9tant situ\u00e9 \u00e0 proximit\u00e9 de la centrale de Bugey et de celle de Creys-Malville, il a \u00e9t\u00e9 propos\u00e9 une discussion sur le th\u00e8me du nucl\u00e9aire. Quatre militants antinucl\u00e9aires s\u2019\u00e9taient port\u00e9s volontaires pour faire b\u00e9n\u00e9ficier de leur exp\u00e9rience les personnes int\u00e9ress\u00e9es. <\/strong><br \/>\n<span style=\"color: #800000;\"><strong>L\u2019Abreuvoir being located near the Bugey and Creys-Malville power plants, a discussion was proposed on the subject of nuclear power. Four anti-nuclear activists had volunteered to share their experiences with those interested.<br \/>\n<\/strong><\/span><\/p>\n<div id=\"attachment_7708\" style=\"width: 594px\" class=\"wp-caption alignnone\"><a href=\"http:\/\/www.pasassezdetemps.com\/wp-content\/uploads\/2020\/07\/IMG_3881.jpg\"><img loading=\"lazy\" decoding=\"async\" aria-describedby=\"caption-attachment-7708\" class=\"size-large wp-image-7708\" title=\"IMG_3881\" src=\"http:\/\/www.pasassezdetemps.com\/wp-content\/uploads\/2020\/07\/IMG_3881-1024x652.jpg\" alt=\"\" width=\"584\" height=\"371\" srcset=\"https:\/\/www.pasassezdetemps.com\/wp-content\/uploads\/2020\/07\/IMG_3881-1024x652.jpg 1024w, https:\/\/www.pasassezdetemps.com\/wp-content\/uploads\/2020\/07\/IMG_3881-300x191.jpg 300w, https:\/\/www.pasassezdetemps.com\/wp-content\/uploads\/2020\/07\/IMG_3881-470x300.jpg 470w, https:\/\/www.pasassezdetemps.com\/wp-content\/uploads\/2020\/07\/IMG_3881.jpg 1280w\" sizes=\"(max-width: 584px) 100vw, 584px\" \/><\/a><p id=\"caption-attachment-7708\" class=\"wp-caption-text\">four solaire \u2014 solar oven<\/p><\/div>\n<p><strong>\u00c0 d\u00e9faut de pouvoir les nommer tous les quatre, je ne donne pas de nom, mais il a \u00e9t\u00e9 question de l\u2019organisme \u00ab\u00a0Sortir du Nucl\u00e9aire\u00a0\u00bb qui s\u2019est cr\u00e9\u00e9 au moment de l\u2019arr\u00eat de la centrale de Creys-Malville\u00a0: le comit\u00e9 antinucl\u00e9aire n\u2019avait plus lieu d\u2019\u00eatre, la centrale \u00e9tant mise \u00e0 l\u2019arr\u00eat.<\/strong><br \/>\n<span style=\"color: #800000;\"><strong>Since I cannot name all four of them, I will not give a name, but there was talk of the organization \u00ab\u00a0 Sortir du Nucl\u00e9aire \u2014 leaving nuclear power\u00a0\u00bb which was created when the Creys-Malville plant was shut down: the antinuclear committee was no longer necessary, the power station being shut down.<br \/>\n<a href=\"http:\/\/www.pasassezdetemps.com\/wp-content\/uploads\/2020\/07\/IMG_2762.jpg\"><img loading=\"lazy\" decoding=\"async\" class=\"alignnone size-large wp-image-7718\" title=\"IMG_2762\" src=\"http:\/\/www.pasassezdetemps.com\/wp-content\/uploads\/2020\/07\/IMG_2762-1024x682.jpg\" alt=\"\" width=\"584\" height=\"388\" srcset=\"https:\/\/www.pasassezdetemps.com\/wp-content\/uploads\/2020\/07\/IMG_2762-1024x682.jpg 1024w, https:\/\/www.pasassezdetemps.com\/wp-content\/uploads\/2020\/07\/IMG_2762-300x199.jpg 300w, https:\/\/www.pasassezdetemps.com\/wp-content\/uploads\/2020\/07\/IMG_2762-450x300.jpg 450w, https:\/\/www.pasassezdetemps.com\/wp-content\/uploads\/2020\/07\/IMG_2762.jpg 1280w\" sizes=\"(max-width: 584px) 100vw, 584px\" \/><\/a><br \/>\n<\/strong><\/span><\/p>\n<p><strong>Je suis rest\u00e9e \u00e0 l\u2019Abreuvoir pendant une heure et demie, puis je suis partie avant la fin, un peu d\u00e9\u00e7ue\u00a0: ces quatre militants sont des puits de connaissances, mais eux comme moi devraient mieux g\u00e9rer la communication, j\u2019y reviendrai.<\/strong><br \/>\n<span style=\"color: #800000;\"><strong>I stayed at l\u2019Abreuvoir for an hour and a half, then I left before the end, I was a little disappointed: these four activists know so much, but (like me) <strong>they<\/strong> should manage communication better, I will come back to it.<\/strong><\/span><\/p>\n<p><strong>Il y a tellement \u00e0 dire sur le nucl\u00e9aire\u00a0! <\/strong><br \/>\n<span style=\"color: #800000;\"><strong>There is so much to say about nuclear power!<br \/>\n<a href=\"http:\/\/www.pasassezdetemps.com\/wp-content\/uploads\/2020\/07\/IMG_3892.jpg\"><img loading=\"lazy\" decoding=\"async\" class=\"alignnone size-large wp-image-7712\" title=\"IMG_3892\" src=\"http:\/\/www.pasassezdetemps.com\/wp-content\/uploads\/2020\/07\/IMG_3892-1024x768.jpg\" alt=\"\" width=\"584\" height=\"438\" srcset=\"https:\/\/www.pasassezdetemps.com\/wp-content\/uploads\/2020\/07\/IMG_3892-1024x768.jpg 1024w, https:\/\/www.pasassezdetemps.com\/wp-content\/uploads\/2020\/07\/IMG_3892-300x225.jpg 300w, https:\/\/www.pasassezdetemps.com\/wp-content\/uploads\/2020\/07\/IMG_3892-400x300.jpg 400w, https:\/\/www.pasassezdetemps.com\/wp-content\/uploads\/2020\/07\/IMG_3892.jpg 1280w\" sizes=\"(max-width: 584px) 100vw, 584px\" \/><\/a><br \/>\n<\/strong><\/span><\/p>\n<p><strong>J\u2019aurais aim\u00e9 prendre la parole mais je ne savais pas <em>comment<\/em> dire les choses\u00a0: voil\u00e0 donc ici ce que je regrette de ne pas avoir pu dire l\u00e0-bas\u2026<\/strong><br \/>\n<span style=\"color: #800000;\"><strong>I would have liked to speak but I did not know <em>how<\/em> to say the things: so here is what I regret not having been able to say there &#8230;<\/strong><\/span><\/p>\n<p><strong>Je suis visc\u00e9ralement hostile au nucl\u00e9aire, car il n\u2019y a pas d\u2019industrie nucl\u00e9aire sans \u00e9tat policier. Pour cette raison, m\u00eame si c\u2019\u00e9tait \u00ab\u00a0propre\u00a0\u00bb \u2014 ce qui n\u2019est pas le cas \u2014 je n\u2019en voudrais pas. J\u2019ai racont\u00e9 en d\u00e9tail sur le blog de Paul la manif contre Creys-Maville dans laquelle Vital Michalon a trouv\u00e9 la mort. Je raconte un peu la m\u00eame chose, ici, pas tout \u00e0 fait pareil. <a href=\"http:\/\/www.lafeuillecharbinoise.com\/?p=298\">Vous pouvez lire l\u2019autre texte, en cliquant ici.<\/a><\/strong><br \/>\n<span style=\"color: #800000;\"><strong>I am viscerally hostile to nuclear power, because there is no nuclear industry without a police state. For this reason, even if it was \u00ab\u00a0clean\u00a0\u00bb \u2014 which it is not \u2014 I wouldn\u2019t want it. I recounted in detail on Paul&rsquo;s blog the protest against Creys-Maville in which Vital Michalon was killed. I\u2019m telling you a little bit about the same thing here, not quite the same. <a href=\"http:\/\/www.lafeuillecharbinoise.com\/?p=298\">You can read the other text, by clicking here.<\/a><\/strong><\/span><\/p>\n<p><strong><a href=\"http:\/\/www.pasassezdetemps.com\/wp-content\/uploads\/2020\/07\/IMG_2760.jpg\"><img loading=\"lazy\" decoding=\"async\" class=\"alignnone size-large wp-image-7719\" title=\"IMG_2760\" src=\"http:\/\/www.pasassezdetemps.com\/wp-content\/uploads\/2020\/07\/IMG_2760-1024x682.jpg\" alt=\"\" width=\"584\" height=\"388\" srcset=\"https:\/\/www.pasassezdetemps.com\/wp-content\/uploads\/2020\/07\/IMG_2760-1024x682.jpg 1024w, https:\/\/www.pasassezdetemps.com\/wp-content\/uploads\/2020\/07\/IMG_2760-300x199.jpg 300w, https:\/\/www.pasassezdetemps.com\/wp-content\/uploads\/2020\/07\/IMG_2760-450x300.jpg 450w, https:\/\/www.pasassezdetemps.com\/wp-content\/uploads\/2020\/07\/IMG_2760.jpg 1280w\" sizes=\"(max-width: 584px) 100vw, 584px\" \/><\/a><br \/>\n<a href=\"http:\/\/www.pasassezdetemps.com\/wp-content\/uploads\/2020\/07\/IMG_2756.jpg\"><img loading=\"lazy\" decoding=\"async\" class=\"alignnone size-large wp-image-7720\" title=\"IMG_2756\" src=\"http:\/\/www.pasassezdetemps.com\/wp-content\/uploads\/2020\/07\/IMG_2756-1024x682.jpg\" alt=\"\" width=\"584\" height=\"388\" srcset=\"https:\/\/www.pasassezdetemps.com\/wp-content\/uploads\/2020\/07\/IMG_2756-1024x682.jpg 1024w, https:\/\/www.pasassezdetemps.com\/wp-content\/uploads\/2020\/07\/IMG_2756-300x199.jpg 300w, https:\/\/www.pasassezdetemps.com\/wp-content\/uploads\/2020\/07\/IMG_2756-450x300.jpg 450w, https:\/\/www.pasassezdetemps.com\/wp-content\/uploads\/2020\/07\/IMG_2756.jpg 1280w\" sizes=\"(max-width: 584px) 100vw, 584px\" \/><\/a><br \/>\nEn \u00e9voquant \u00e0 nouveau ce sujet, j\u2019en fais en quelque sorte une autre lecture \u00e0 cause du r\u00e9cent confinement, pendant lequel nos dirigeants ont montr\u00e9 leur vrai visage r\u00e9pressif. C\u2019\u00e9tait aussi le cas ce 31 juillet 1977. Jannin, le pr\u00e9fet de l\u2019\u00e9poque, \u00e9tait surnomm\u00e9 Jannin Walker, en r\u00e9f\u00e9rence \u00e0 Johnnie Walker. Il avait souhait\u00e9 \u00ab\u00a0de bonnes proth\u00e8ses\u00a0\u00bb aux personnes qui avaient perdu une jambe ou une main lors des affrontements. Malheureusement, depuis, en ce qui concerne les pires formulations, on a eu Trump.<\/strong><br \/>\n<span style=\"color: #800000;\"><strong>In bringing this up again, I am reading it somewhat differently because of the recent confinement, during which our leaders showed their true repressive face. This was also the case on July 31, 1977. Jannin, the then prefect, was nicknamed Jannin Walker, after Johnnie Walker. He wished \u00ab\u00a0good prostheses\u00a0\u00bb to people who had lost a leg or a hand during the clashes. Unfortunately, regarding the worst formulations, we&rsquo;ve had Trump since.<br \/>\n<a href=\"http:\/\/www.pasassezdetemps.com\/wp-content\/uploads\/2020\/07\/IMG_3727.jpg\"><img loading=\"lazy\" decoding=\"async\" class=\"alignnone size-large wp-image-7721\" title=\"IMG_3727\" src=\"http:\/\/www.pasassezdetemps.com\/wp-content\/uploads\/2020\/07\/IMG_3727-1024x768.jpg\" alt=\"\" width=\"584\" height=\"438\" srcset=\"https:\/\/www.pasassezdetemps.com\/wp-content\/uploads\/2020\/07\/IMG_3727-1024x768.jpg 1024w, https:\/\/www.pasassezdetemps.com\/wp-content\/uploads\/2020\/07\/IMG_3727-300x225.jpg 300w, https:\/\/www.pasassezdetemps.com\/wp-content\/uploads\/2020\/07\/IMG_3727-400x300.jpg 400w, https:\/\/www.pasassezdetemps.com\/wp-content\/uploads\/2020\/07\/IMG_3727.jpg 1280w\" sizes=\"(max-width: 584px) 100vw, 584px\" \/><\/a><br \/>\n<\/strong><\/span><\/p>\n<p><strong>Mes lecteurs ont tous connu le confinement, l\u2019\u00e9tat d\u2019urgence sanitaire, m\u00eame si celui-ci a \u00e9t\u00e9 v\u00e9cu diff\u00e9remment d\u2019un endroit \u00e0 l\u2019autre, d\u2019une personne \u00e0 l\u2019autre. Ayant v\u00e9cu cela, peut-\u00eatre comprendrez-vous mieux quel effet \u00e7a fait de se sentir comme dans un pays en guerre, parce que vous le ressentirez dans vos fibres. Pendant des jours avant le 31, la pr\u00e9sence polici\u00e8re s\u2019est faite pesante. Le t\u00e9l\u00e9phone a \u00e9t\u00e9 coup\u00e9 la veille, les t\u00e9l\u00e9phones portables n\u2019existaient pas encore. On \u00e9tait extr\u00eamement isol\u00e9s &#8211; en plein vingti\u00e8me si\u00e8cle, dans une r\u00e9gion ordinairement bien tranquille.<\/strong><br \/>\n<span style=\"color: #800000;\"><strong>My readers have all known the confinement, the state of health emergency, even though it was experienced differently from place to place, from person to person. Having experienced this, perhaps you will understand better what it is like to feel like in a country at war, because you will feel it in your fibers. For days before the 31st, the police presence became heavy. The phone was turned off the day before, cell phones did not yet exist. We were extremely isolated &#8211; in the middle of the twentieth century, in a region that was usually quite peaceful.<br \/>\n<a href=\"http:\/\/www.pasassezdetemps.com\/wp-content\/uploads\/2020\/07\/IMG_4020.jpg\"><img loading=\"lazy\" decoding=\"async\" class=\"alignnone size-large wp-image-7730\" title=\"IMG_4020\" src=\"http:\/\/www.pasassezdetemps.com\/wp-content\/uploads\/2020\/07\/IMG_4020-1024x768.jpg\" alt=\"\" width=\"584\" height=\"438\" srcset=\"https:\/\/www.pasassezdetemps.com\/wp-content\/uploads\/2020\/07\/IMG_4020-1024x768.jpg 1024w, https:\/\/www.pasassezdetemps.com\/wp-content\/uploads\/2020\/07\/IMG_4020-300x225.jpg 300w, https:\/\/www.pasassezdetemps.com\/wp-content\/uploads\/2020\/07\/IMG_4020-400x300.jpg 400w, https:\/\/www.pasassezdetemps.com\/wp-content\/uploads\/2020\/07\/IMG_4020.jpg 1280w\" sizes=\"(max-width: 584px) 100vw, 584px\" \/><\/a><br \/>\n<\/strong><\/span><\/p>\n<p><strong>Check point \u00e0 proximit\u00e9 du site de la centrale. Tension extr\u00eame dans les jours pr\u00e9c\u00e9dents la manifestation. Trois marches devaient converger vers le site, mais au dernier moment, il a \u00e9t\u00e9 d\u00e9cid\u00e9 de se regrouper en une seule, sans doute \u00e0 cause d\u2019une infiltration par les renseignements g\u00e9n\u00e9raux. Marche non-violente, m\u00eame si certains (une minorit\u00e9) voulaient se battre.<\/strong><br \/>\n<span style=\"color: #800000;\"><strong>Check point near the plant site. Extreme tension in the days preceding the demonstration. Three group of walkers were to converge on the site, but at the last moment it was decided to consolidate into one, probably due to infiltration by general information. Non-violent march, even if some (a minority) wanted to fight.<\/strong><\/span><\/p>\n<p><strong><a href=\"http:\/\/www.pasassezdetemps.com\/wp-content\/uploads\/2020\/07\/IMG_3671.jpg\"><img loading=\"lazy\" decoding=\"async\" class=\"alignnone size-large wp-image-7722\" title=\"IMG_3671\" src=\"http:\/\/www.pasassezdetemps.com\/wp-content\/uploads\/2020\/07\/IMG_3671-1024x768.jpg\" alt=\"\" width=\"584\" height=\"438\" srcset=\"https:\/\/www.pasassezdetemps.com\/wp-content\/uploads\/2020\/07\/IMG_3671-1024x768.jpg 1024w, https:\/\/www.pasassezdetemps.com\/wp-content\/uploads\/2020\/07\/IMG_3671-300x225.jpg 300w, https:\/\/www.pasassezdetemps.com\/wp-content\/uploads\/2020\/07\/IMG_3671-400x300.jpg 400w, https:\/\/www.pasassezdetemps.com\/wp-content\/uploads\/2020\/07\/IMG_3671.jpg 1280w\" sizes=\"(max-width: 584px) 100vw, 584px\" \/><\/a><br \/>\nAlors que nous marchions sous la pluie, les d\u00e9flagrations ont commenc\u00e9. J\u2019ai vu une camionnette se frayer difficilement un passage par le petit chemin que nous occupions, remontant la manifestation, et quand j\u2019ai compris j\u2019ai gueul\u00e9 \u00ab\u00a0ambulance\u00a0\u00bb pour que derri\u00e8re moi, on lui fasse de la place. Il est pass\u00e9 trois v\u00e9hicules de secours. \u00c0 la porte lat\u00e9rale ouverte de l\u2019un d\u2019eux, un homme, d\u00e9bout, cramponn\u00e9 au v\u00e9hicule, tenait en hauteur une perfusion.<\/strong><br \/>\n<span style=\"color: #800000;\"><strong>As we walked in the rain, the blasts started. I saw a van struggling to make its way through the small path we were occupying, going up the demonstration, and when I understood I yelled out \u00ab\u00a0ambulance\u00a0\u00bb so that behind me it would be made room. Three emergency vehicles passed. At the open side door of one of them, a man standing, clinging to the vehicle, held an IV high above.<br \/>\n<a href=\"http:\/\/www.pasassezdetemps.com\/wp-content\/uploads\/2020\/07\/IMG_4021.jpg\"><img loading=\"lazy\" decoding=\"async\" class=\"alignnone size-large wp-image-7731\" title=\"IMG_4021\" src=\"http:\/\/www.pasassezdetemps.com\/wp-content\/uploads\/2020\/07\/IMG_4021-1024x768.jpg\" alt=\"\" width=\"584\" height=\"438\" srcset=\"https:\/\/www.pasassezdetemps.com\/wp-content\/uploads\/2020\/07\/IMG_4021-1024x768.jpg 1024w, https:\/\/www.pasassezdetemps.com\/wp-content\/uploads\/2020\/07\/IMG_4021-300x225.jpg 300w, https:\/\/www.pasassezdetemps.com\/wp-content\/uploads\/2020\/07\/IMG_4021-400x300.jpg 400w, https:\/\/www.pasassezdetemps.com\/wp-content\/uploads\/2020\/07\/IMG_4021.jpg 1280w\" sizes=\"(max-width: 584px) 100vw, 584px\" \/><\/a><br \/>\n<\/strong><\/span><\/p>\n<p><strong>La zone \u00e9tait boucl\u00e9e, cela veut dire aussi pas d\u2019acc\u00e8s \u00e0 l\u2019h\u00f4pital, apparemment les bless\u00e9s qu\u2019on a d\u00fb amputer ont gard\u00e9 trop longtemps un garrot serr\u00e9.<\/strong><br \/>\n<span style=\"color: #800000;\"><strong>The area was cordoned off, that also means no access to the hospital, apparently the injured who had to be amputated kept a tight tourniquet for too long.<\/strong><\/span><\/p>\n<p><strong>\u00ab\u00a0Reporterre\u00a0\u00bb a publi\u00e9 le r\u00e9cit de cette terrible journ\u00e9e avec un t\u00e9moignage de Paul Michalon, fr\u00e8re de Vital. Ils \u00e9taient aux premi\u00e8res lignes et tout a bascul\u00e9 dans l\u2019horreur, le cauchemar, quand les grenades ont commenc\u00e9 \u00e0 exploser. <a href=\"https:\/\/reporterre.net\/Il-y-a-quarante-ans-l-Etat-tuait-Vital-Michalon-jeune-antinucleaire\">J\u2019esp\u00e8re que vous serez nombreux \u00e0 cliquer sur ce lien, <\/a>\u00e0 lire ce texte \u00e9difiant, et ensuite, pourquoi pas, \u00e0 offrir votre obole \u00e0 Reporterre, qui la m\u00e9rite bien.<\/strong><br \/>\n<span style=\"color: #800000;\"><strong>\u00ab\u00a0Reporterre\u00a0\u00bb published the story of this terrible day with a testimony from Paul Michalon, Vital&rsquo;s brother. They were on the front lines and it all turned into a horror, a nightmare, when the grenades started to explode. <a href=\"https:\/\/reporterre.net\/Il-y-a-quarante-ans-l-Etat-tuait-Vital-Michalon-jeune-antinucleaire\">I hope that many of you will click on this link,<\/a> read this edifying text, and then, why not, offer your contribution to Reporterre, who deserves it.<br \/>\n<a href=\"http:\/\/www.pasassezdetemps.com\/wp-content\/uploads\/2020\/07\/IMG_3659.jpg\"><img loading=\"lazy\" decoding=\"async\" class=\"alignnone size-large wp-image-7723\" title=\"IMG_3659\" src=\"http:\/\/www.pasassezdetemps.com\/wp-content\/uploads\/2020\/07\/IMG_3659-1024x768.jpg\" alt=\"\" width=\"584\" height=\"438\" srcset=\"https:\/\/www.pasassezdetemps.com\/wp-content\/uploads\/2020\/07\/IMG_3659-1024x768.jpg 1024w, https:\/\/www.pasassezdetemps.com\/wp-content\/uploads\/2020\/07\/IMG_3659-300x225.jpg 300w, https:\/\/www.pasassezdetemps.com\/wp-content\/uploads\/2020\/07\/IMG_3659-400x300.jpg 400w, https:\/\/www.pasassezdetemps.com\/wp-content\/uploads\/2020\/07\/IMG_3659.jpg 1280w\" sizes=\"(max-width: 584px) 100vw, 584px\" \/><\/a><br \/>\n<\/strong><\/span><\/p>\n<p><strong>Vous me direz que c\u2019est anecdotique, une manif comme une autre qui tourne mal&#8230; Ou bien vous conviendrez qu\u2019en faisant l\u2019addition de toutes les manifs, y compris celles qui ne tournent pas mal, on s\u2019aper\u00e7oit que lutter devient de plus en plus difficile. Je ne suis pas la seule \u00e0 d\u00e9noncer le d\u00e9clin des libert\u00e9s, parmi tant d\u2019autres graves probl\u00e8mes que nos\u00a0responsables politiques s\u2019acharnent \u00e0 g\u00e9n\u00e9rer.<\/strong><br \/>\n<span style=\"color: #800000;\"><strong>You will tell me that it&rsquo;s anecdotal, a demo like any other that goes wrong &#8230; Or you will agree that by adding all the demonstrations, including those that do not go wrong, we realize that struggling becomes more and more difficult. I am not the only one to denounce the decline of freedoms, among so many other serious problems that our\u00a0politicians are determined to generate.<br \/>\n<a href=\"http:\/\/www.pasassezdetemps.com\/wp-content\/uploads\/2020\/07\/IMG_4024.jpg\"><img loading=\"lazy\" decoding=\"async\" class=\"alignnone size-large wp-image-7732\" title=\"IMG_4024\" src=\"http:\/\/www.pasassezdetemps.com\/wp-content\/uploads\/2020\/07\/IMG_4024-1024x768.jpg\" alt=\"\" width=\"584\" height=\"438\" srcset=\"https:\/\/www.pasassezdetemps.com\/wp-content\/uploads\/2020\/07\/IMG_4024-1024x768.jpg 1024w, https:\/\/www.pasassezdetemps.com\/wp-content\/uploads\/2020\/07\/IMG_4024-300x225.jpg 300w, https:\/\/www.pasassezdetemps.com\/wp-content\/uploads\/2020\/07\/IMG_4024-400x300.jpg 400w, https:\/\/www.pasassezdetemps.com\/wp-content\/uploads\/2020\/07\/IMG_4024.jpg 1280w\" sizes=\"(max-width: 584px) 100vw, 584px\" \/><\/a><br \/>\n<\/strong><\/span><\/p>\n<p><strong>Dans cette r\u00e9union \u00e0 l\u2019Abreuvoir, je regrette que les militants aient voulu faire partager <em>trop<\/em> de leurs grandes connaissances du sujet. <\/strong><br \/>\n<strong>C\u2019est facile de critiquer, loin de moi l\u2019id\u00e9e de d\u00e9molir leur travail, ce sont des personnes que je respecte et qui ont le m\u00e9rite d\u2019aller au bout de leurs id\u00e9es. J\u2019esp\u00e8re que mon intention sera comprise, je suis en recherche pour plus d\u2019efficacit\u00e9, j\u2019essaie d\u2019apporter un point de vue qui permette d\u2019\u00e9largir la r\u00e9flexion, d\u2019ouvrir des pistes, peut-\u00eatre.<\/strong><br \/>\n<span style=\"color: #800000;\"><strong>In this meeting at l\u2019Abreuvoir, I regret that the activists wanted to share <em>too much<\/em> of their great knowledge of the subject.<\/strong><\/span><br \/>\n<span style=\"color: #800000;\"><strong>It&rsquo;s easy to criticize, far from me the idea of demolishing their work, they are people whom I respect and who deserve to follow their ideas. I hope that my intention will be understood, I am looking for more efficiency, I try to bring a point of view that allows to broaden the reflection, to open avenues, perhaps.<br \/>\n<a href=\"http:\/\/www.pasassezdetemps.com\/wp-content\/uploads\/2020\/07\/IMG_3893.jpg\"><img loading=\"lazy\" decoding=\"async\" class=\"alignnone size-large wp-image-7711\" title=\"IMG_3893\" src=\"http:\/\/www.pasassezdetemps.com\/wp-content\/uploads\/2020\/07\/IMG_3893-1024x768.jpg\" alt=\"\" width=\"584\" height=\"438\" srcset=\"https:\/\/www.pasassezdetemps.com\/wp-content\/uploads\/2020\/07\/IMG_3893-1024x768.jpg 1024w, https:\/\/www.pasassezdetemps.com\/wp-content\/uploads\/2020\/07\/IMG_3893-300x225.jpg 300w, https:\/\/www.pasassezdetemps.com\/wp-content\/uploads\/2020\/07\/IMG_3893-400x300.jpg 400w, https:\/\/www.pasassezdetemps.com\/wp-content\/uploads\/2020\/07\/IMG_3893.jpg 1280w\" sizes=\"(max-width: 584px) 100vw, 584px\" \/><\/a><br \/>\n<\/strong><\/span><\/p>\n<p><strong>Que voulons-nous, nous, les militants (et je me compte sous cette appellation, m\u00eame si je ne suis pas tr\u00e8s active)\u00a0? Nous souhaitons \u00ab\u00a0sortir du nucl\u00e9aire\u00a0\u00bb. Les questions \u00ab\u00a0que faire, comment faire\u00a0\u00bb ont d\u00e9j\u00e0 \u00e9t\u00e9 pos\u00e9es des milliers de fois, je le sais bien. <\/strong><br \/>\n<span style=\"color: #800000;\"><strong>What do we, the activists want (and I count myself under this name, even if I am not very active)? We want to \u00ab\u00a0Sortir du Nucl\u00e9aire \u2014 leaving nuclear power\u00a0\u00bb. The questions \u00ab\u00a0what to do, how to do\u00a0\u00bb have already been asked thousands of times, I know that.<br \/>\n<a href=\"http:\/\/www.pasassezdetemps.com\/wp-content\/uploads\/2020\/07\/IMG_3885-1.jpg\"><img loading=\"lazy\" decoding=\"async\" class=\"alignnone size-large wp-image-7715\" title=\"Version 2\" src=\"http:\/\/www.pasassezdetemps.com\/wp-content\/uploads\/2020\/07\/IMG_3885-1-1024x648.jpg\" alt=\"\" width=\"584\" height=\"369\" srcset=\"https:\/\/www.pasassezdetemps.com\/wp-content\/uploads\/2020\/07\/IMG_3885-1-1024x648.jpg 1024w, https:\/\/www.pasassezdetemps.com\/wp-content\/uploads\/2020\/07\/IMG_3885-1-300x189.jpg 300w, https:\/\/www.pasassezdetemps.com\/wp-content\/uploads\/2020\/07\/IMG_3885-1-474x300.jpg 474w, https:\/\/www.pasassezdetemps.com\/wp-content\/uploads\/2020\/07\/IMG_3885-1.jpg 1280w\" sizes=\"(max-width: 584px) 100vw, 584px\" \/><\/a><br \/>\n<\/strong><\/span><\/p>\n<p><strong>Aurait-il fallu proposer un choix de sujets (historique, information technique, le point sur l\u2019actualit\u00e9, plein feux plut\u00f4t sur Bugey ou plut\u00f4t sur Creys-Malville\u2026) pour que le public pr\u00e9cise ses demandes, pour d\u00e9j\u00e0 lancer un d\u00e9bat\u00a0?<\/strong><br \/>\n<span style=\"color: #800000;\"><strong>Would it have been necessary to offer a choice of subjects (history, technical information, current affairs update, spotlight on Bugey or rather on Creys-Malville, etc.) for the public to clarify their requests, to start a debate?<\/strong><\/span><\/p>\n<p><strong>Je suis rest\u00e9e un peu sur ma faim, j\u2019aurais souhait\u00e9 apporter mon t\u00e9moignage, mais aurais-je \u00e9t\u00e9 capable d\u2019exprimer ce que vous \u00eates en train de lire\u00a0? Difficult\u00e9 de militer. Difficult\u00e9 de communiquer. La question \u00e9tant, je suppose, de convaincre les gens des dangers et de l\u2019inutilit\u00e9 du nucl\u00e9aire, je ne suis pas certaine que j\u2019aurais \u00e9t\u00e9 convaincante.<\/strong><br \/>\n<span style=\"color: #800000;\"><strong>I was a little unsatisfied, I would have liked to share my testimony, but would I have been able to express what you are reading? Difficulty to campaign. Difficulty in communicating. The question being, I suppose, to convince people of the dangers and the uselessness of nuclear power, I am not sure that I would have been convincing.<\/strong><\/span><\/p>\n<p><strong>J\u2019en finis sur le sujet du nucl\u00e9aire par ces interrogations.<\/strong><br \/>\n<span style=\"color: #800000;\"><strong>I\u2019m finished on the nuclear issue with these questions.<br \/>\n<a href=\"http:\/\/www.pasassezdetemps.com\/wp-content\/uploads\/2020\/07\/IMG_3661.jpg\"><img loading=\"lazy\" decoding=\"async\" class=\"alignnone size-large wp-image-7724\" title=\"IMG_3661\" src=\"http:\/\/www.pasassezdetemps.com\/wp-content\/uploads\/2020\/07\/IMG_3661-1024x565.jpg\" alt=\"\" width=\"584\" height=\"322\" srcset=\"https:\/\/www.pasassezdetemps.com\/wp-content\/uploads\/2020\/07\/IMG_3661-1024x565.jpg 1024w, https:\/\/www.pasassezdetemps.com\/wp-content\/uploads\/2020\/07\/IMG_3661-300x165.jpg 300w, https:\/\/www.pasassezdetemps.com\/wp-content\/uploads\/2020\/07\/IMG_3661-500x276.jpg 500w, https:\/\/www.pasassezdetemps.com\/wp-content\/uploads\/2020\/07\/IMG_3661.jpg 1280w\" sizes=\"(max-width: 584px) 100vw, 584px\" \/><\/a><br \/>\n<\/strong><\/span><\/p>\n<p><strong>Je vais chercher \u00e0 me faire lire par les personnes pr\u00e9sentes ce soir-l\u00e0 \u00e0 l\u2019Abreuvoir.<\/strong><br \/>\n<span style=\"color: #800000;\"><strong>I will try to find how to be read by those present that evening at l\u2019Abreuvoir.<\/strong><\/span><\/p>\n<p><strong>Vous tous, engag\u00e9s pour un ou plusieurs jours dans la belle aventure AlterTour, je vous remercie de consacrer de votre temps \u00e0 ces beaux projets. Je ne sais pas o\u00f9 nous allons, mais la plan\u00e8te a besoin de gens comme vous\u00a0!<\/strong><br \/>\n<span style=\"color: #800000;\"><strong>All of you, involved for one or more days in the great AlterTour adventure, thank you for devoting your time to these great projects. I don&rsquo;t know where we are going, but the planet needs people like you!<\/strong><\/span><\/p>\n<p><strong>AlterTour fonctionne en autogestion : une chose que j\u2019appr\u00e9cie \u00e9norm\u00e9ment (parmi toutes les qualit\u00e9s de ces initiatives) alors je suis all\u00e9e piquer ceci sur leur site\u00a0: <\/strong><br \/>\n<span style=\"color: #800000;\"><strong>AlterTour works in self-management: something that I really appreciate (among all the qualities of these initiatives) so I went to steal this on their site:<\/strong><\/span><\/p>\n<p style=\"text-align: center;\"><span style=\"color: #008000;\"><em><strong>\u00ab\u00a0Chacun contribue au bon fonctionnement du quotidien. En effet, l\u2019AlterTour fonctionne de mani\u00e8re autog\u00e9r\u00e9e, c\u2019est-\u00e0-dire qu\u2019il n\u2019y a pas de structure hi\u00e9rarchique, ni d\u2019individu-e-s ayant un r\u00f4le pr\u00e9d\u00e9fini (comme cuisinier.e, chauffeur.se ou installateur.rice de toilettes s\u00e8ches). Les diff\u00e9rentes t\u00e2ches sont distribu\u00e9es lors du temps de briefing quotidien. <\/strong><\/em><strong>Chaque participant s\u2019engage pour une t\u00e2che par jour<\/strong><em><strong> afin d\u2019assurer un roulement \u00e9quilibr\u00e9. Bien s\u00fbr, il peut compter sur l\u2019aide des personnes plus exp\u00e9riment\u00e9es.\u00a0\u00bb<br \/>\n<\/strong><\/em><\/span><br \/>\n<span style=\"color: #008000;\"><em><strong>\u00ab\u00a0Everyone contributes to the smooth running of everyday life. Indeed, the AlterTour operates in a self-managed manner, that is to say that there is no hierarchical structure, nor individuals with a predefined role (such as cook, chauffeur, dry toilet installer). The different tasks are distributed during the daily briefing time. <\/strong><\/em><strong>Each participant commits to one task per day<\/strong><em><strong> to ensure a balanced turnover. Of course, he can count on the help of more experienced people.\u00a0\u00bb<\/strong><\/em><\/span><\/p>\n<p><strong><\/strong><a href=\"http:\/\/www.pasassezdetemps.com\/wp-content\/uploads\/2020\/07\/IMG_3879.jpg\"><img loading=\"lazy\" decoding=\"async\" class=\"alignnone size-large wp-image-7709\" title=\"Version 2\" src=\"http:\/\/www.pasassezdetemps.com\/wp-content\/uploads\/2020\/07\/IMG_3879-1024x768.jpg\" alt=\"\" width=\"584\" height=\"438\" srcset=\"https:\/\/www.pasassezdetemps.com\/wp-content\/uploads\/2020\/07\/IMG_3879-1024x768.jpg 1024w, https:\/\/www.pasassezdetemps.com\/wp-content\/uploads\/2020\/07\/IMG_3879-300x225.jpg 300w, https:\/\/www.pasassezdetemps.com\/wp-content\/uploads\/2020\/07\/IMG_3879-400x300.jpg 400w, https:\/\/www.pasassezdetemps.com\/wp-content\/uploads\/2020\/07\/IMG_3879.jpg 1280w\" sizes=\"(max-width: 584px) 100vw, 584px\" \/><\/a><\/p>\n<div id=\"attachment_7710\" style=\"width: 1290px\" class=\"wp-caption alignnone\"><a href=\"http:\/\/www.pasassezdetemps.com\/wp-content\/uploads\/2020\/07\/IMG_3879-1.jpg\"><img loading=\"lazy\" decoding=\"async\" aria-describedby=\"caption-attachment-7710\" class=\"size-full wp-image-7710\" title=\"Version 2\" src=\"http:\/\/www.pasassezdetemps.com\/wp-content\/uploads\/2020\/07\/IMG_3879-1.jpg\" alt=\"\" width=\"1280\" height=\"944\" srcset=\"https:\/\/www.pasassezdetemps.com\/wp-content\/uploads\/2020\/07\/IMG_3879-1.jpg 1280w, https:\/\/www.pasassezdetemps.com\/wp-content\/uploads\/2020\/07\/IMG_3879-1-300x221.jpg 300w, https:\/\/www.pasassezdetemps.com\/wp-content\/uploads\/2020\/07\/IMG_3879-1-1024x755.jpg 1024w, https:\/\/www.pasassezdetemps.com\/wp-content\/uploads\/2020\/07\/IMG_3879-1-406x300.jpg 406w\" sizes=\"(max-width: 1280px) 100vw, 1280px\" \/><\/a><p id=\"caption-attachment-7710\" class=\"wp-caption-text\">Tasks<\/p><\/div>\n<p><strong>L\u2019autogestion, en voil\u00e0 une belle chose qu\u2019elle est belle et que j\u2019aime\u00a0!<\/strong><br \/>\n<span style=\"color: #800000;\"><strong>Self-management, that&rsquo;s a beautiful thing that\u2019s beautiful and that I love!<\/strong><\/span><\/p>\n<p><strong>Les v\u00e9los repartent, et voici qu\u2019arrive\u2026<\/strong><br \/>\n<span style=\"color: #800000;\"><strong>The bikes take off again, and here is &#8230;<br \/>\n<a href=\"http:\/\/www.pasassezdetemps.com\/wp-content\/uploads\/2020\/07\/IMG_3904.jpg\"><img loading=\"lazy\" decoding=\"async\" class=\"alignnone size-large wp-image-7701\" title=\"IMG_3904\" src=\"http:\/\/www.pasassezdetemps.com\/wp-content\/uploads\/2020\/07\/IMG_3904-1024x768.jpg\" alt=\"\" width=\"584\" height=\"438\" srcset=\"https:\/\/www.pasassezdetemps.com\/wp-content\/uploads\/2020\/07\/IMG_3904-1024x768.jpg 1024w, https:\/\/www.pasassezdetemps.com\/wp-content\/uploads\/2020\/07\/IMG_3904-300x225.jpg 300w, https:\/\/www.pasassezdetemps.com\/wp-content\/uploads\/2020\/07\/IMG_3904-400x300.jpg 400w, https:\/\/www.pasassezdetemps.com\/wp-content\/uploads\/2020\/07\/IMG_3904.jpg 1280w\" sizes=\"(max-width: 584px) 100vw, 584px\" \/><\/a><br \/>\n<\/strong><\/span><\/p>\n","protected":false},"excerpt":{"rendered":"<p>AlterTour fait le tour des alternatives, \u00ab\u00a0un tour itin\u00e9rant pour la transition \u00e9cologique et sociale\u00a0\u00bb disent-ils sur leur site. Tu t\u2019inscris et, pour une somme variable selon tes revenus, tu suis le mouvement en v\u00e9lo pendant quelques jours. Ou m\u00eame &hellip; <a href=\"https:\/\/www.pasassezdetemps.com\/?p=7700\">Continuer la lecture <span class=\"meta-nav\">&rarr;<\/span><\/a><\/p>\n","protected":false},"author":1,"featured_media":0,"comment_status":"open","ping_status":"open","sticky":false,"template":"","format":"standard","meta":{"_monsterinsights_skip_tracking":false,"_monsterinsights_sitenote_active":false,"_monsterinsights_sitenote_note":"","_monsterinsights_sitenote_category":0,"footnotes":""},"categories":[1],"tags":[],"class_list":["post-7700","post","type-post","status-publish","format-standard","hentry","category-non-classe"],"_links":{"self":[{"href":"https:\/\/www.pasassezdetemps.com\/index.php?rest_route=\/wp\/v2\/posts\/7700"}],"collection":[{"href":"https:\/\/www.pasassezdetemps.com\/index.php?rest_route=\/wp\/v2\/posts"}],"about":[{"href":"https:\/\/www.pasassezdetemps.com\/index.php?rest_route=\/wp\/v2\/types\/post"}],"author":[{"embeddable":true,"href":"https:\/\/www.pasassezdetemps.com\/index.php?rest_route=\/wp\/v2\/users\/1"}],"replies":[{"embeddable":true,"href":"https:\/\/www.pasassezdetemps.com\/index.php?rest_route=%2Fwp%2Fv2%2Fcomments&post=7700"}],"version-history":[{"count":17,"href":"https:\/\/www.pasassezdetemps.com\/index.php?rest_route=\/wp\/v2\/posts\/7700\/revisions"}],"predecessor-version":[{"id":7736,"href":"https:\/\/www.pasassezdetemps.com\/index.php?rest_route=\/wp\/v2\/posts\/7700\/revisions\/7736"}],"wp:attachment":[{"href":"https:\/\/www.pasassezdetemps.com\/index.php?rest_route=%2Fwp%2Fv2%2Fmedia&parent=7700"}],"wp:term":[{"taxonomy":"category","embeddable":true,"href":"https:\/\/www.pasassezdetemps.com\/index.php?rest_route=%2Fwp%2Fv2%2Fcategories&post=7700"},{"taxonomy":"post_tag","embeddable":true,"href":"https:\/\/www.pasassezdetemps.com\/index.php?rest_route=%2Fwp%2Fv2%2Ftags&post=7700"}],"curies":[{"name":"wp","href":"https:\/\/api.w.org\/{rel}","templated":true}]}}