{"id":10871,"date":"2021-12-21T06:34:27","date_gmt":"2021-12-21T06:34:27","guid":{"rendered":"http:\/\/www.pasassezdetemps.com\/?p=10871"},"modified":"2021-12-21T06:34:27","modified_gmt":"2021-12-21T06:34:27","slug":"sous-terre","status":"publish","type":"post","link":"https:\/\/www.pasassezdetemps.com\/?p=10871","title":{"rendered":"Sous terre"},"content":{"rendered":"<p style=\"text-align: center;\"><strong>Il y a un pont.<\/strong><br \/>\n<span style=\"color: #800000;\"><strong>There&rsquo;s a bridge.<\/strong><\/span><br \/>\n<a href=\"http:\/\/www.pasassezdetemps.com\/wp-content\/uploads\/2021\/12\/IMG_2257.jpg\"><img loading=\"lazy\" decoding=\"async\" class=\"alignnone size-large wp-image-10874\" title=\"IMG_2257\" src=\"http:\/\/www.pasassezdetemps.com\/wp-content\/uploads\/2021\/12\/IMG_2257-1024x768.jpg\" alt=\"\" width=\"584\" height=\"438\" srcset=\"https:\/\/www.pasassezdetemps.com\/wp-content\/uploads\/2021\/12\/IMG_2257-1024x768.jpg 1024w, https:\/\/www.pasassezdetemps.com\/wp-content\/uploads\/2021\/12\/IMG_2257-300x225.jpg 300w, https:\/\/www.pasassezdetemps.com\/wp-content\/uploads\/2021\/12\/IMG_2257-400x300.jpg 400w, https:\/\/www.pasassezdetemps.com\/wp-content\/uploads\/2021\/12\/IMG_2257.jpg 1280w\" sizes=\"(max-width: 584px) 100vw, 584px\" \/><\/a><\/p>\n<p><a href=\"http:\/\/www.pasassezdetemps.com\/wp-content\/uploads\/2021\/12\/IMG_2258.jpg\"><img loading=\"lazy\" decoding=\"async\" class=\"alignnone size-large wp-image-10875\" title=\"IMG_2258\" src=\"http:\/\/www.pasassezdetemps.com\/wp-content\/uploads\/2021\/12\/IMG_2258-1024x768.jpg\" alt=\"\" width=\"584\" height=\"438\" srcset=\"https:\/\/www.pasassezdetemps.com\/wp-content\/uploads\/2021\/12\/IMG_2258-1024x768.jpg 1024w, https:\/\/www.pasassezdetemps.com\/wp-content\/uploads\/2021\/12\/IMG_2258-300x225.jpg 300w, https:\/\/www.pasassezdetemps.com\/wp-content\/uploads\/2021\/12\/IMG_2258-400x300.jpg 400w, https:\/\/www.pasassezdetemps.com\/wp-content\/uploads\/2021\/12\/IMG_2258.jpg 1280w\" sizes=\"(max-width: 584px) 100vw, 584px\" \/><\/a><\/p>\n<p><strong>Mon p\u00e8re n\u2019est pas venu chez nous pendant deux ann\u00e9es, \u00e0 cause des confinements bien entendu. \u00c2g\u00e9 maintenant de 94 ans, il lui a \u00e9t\u00e9 difficile de revenir, l\u2019habitude s\u2019\u00e9tant perdue, mais il a accept\u00e9 finalement et cela s\u2019est bien pass\u00e9. Je me suis peut-\u00eatre occup\u00e9e davantage de lui.<\/strong><br \/>\n<span style=\"color: #800000;\"><strong>My father didn&rsquo;t come to our house for two years, due to the lockdowns of course. Now 94, it was difficult for him to come back as the habit had worn off, but he finally agreed and it went well. Maybe I took more care of him.<br \/>\n<a href=\"http:\/\/www.pasassezdetemps.com\/wp-content\/uploads\/2021\/12\/IMG_2206.jpg\"><img loading=\"lazy\" decoding=\"async\" class=\"alignnone size-large wp-image-10880\" title=\"IMG_2206\" src=\"http:\/\/www.pasassezdetemps.com\/wp-content\/uploads\/2021\/12\/IMG_2206-1024x768.jpg\" alt=\"\" width=\"584\" height=\"438\" srcset=\"https:\/\/www.pasassezdetemps.com\/wp-content\/uploads\/2021\/12\/IMG_2206-1024x768.jpg 1024w, https:\/\/www.pasassezdetemps.com\/wp-content\/uploads\/2021\/12\/IMG_2206-300x225.jpg 300w, https:\/\/www.pasassezdetemps.com\/wp-content\/uploads\/2021\/12\/IMG_2206-400x300.jpg 400w, https:\/\/www.pasassezdetemps.com\/wp-content\/uploads\/2021\/12\/IMG_2206.jpg 1280w\" sizes=\"(max-width: 584px) 100vw, 584px\" \/><\/a><br \/>\n<\/strong><\/span><\/p>\n<p><strong>J\u2019avais trouv\u00e9 par hasard un livre \u00e9crit par Robert De Joly, un pionnier de la sp\u00e9l\u00e9ologie, qui lui-m\u00eame a en quelque sorte succ\u00e9d\u00e9 \u00e0 Martel, am\u00e9liorant le mat\u00e9riel et consacrant son existence \u00e0 l\u2019exploration des gouffres. C\u2019est d\u2019ailleurs le titre du livre, \u00ab\u00a0ma vie aventureuse d\u2019explorateurs d\u2019ab\u00eemes\u00a0\u00bb. J\u2019ai r\u00e9ussi \u00e0 lire \u00e0 mon p\u00e8re les cent soixante pages de l\u2019ouvrage.<\/strong><br \/>\n<span style=\"color: #800000;\"><strong>By chance, I found a book written by Robert De Joly, a pioneer of speleology, who himself somewhat succeeded Martel, improving the equipment and devoting his life to the exploration of chasms. This is the title of the book, \u00ab\u00a0My Adventurous Life of Explorers of Abyss\u00a0\u00bb. I managed to read the 160 pages of the book to my father.<br \/>\n<a href=\"http:\/\/www.pasassezdetemps.com\/wp-content\/uploads\/2021\/12\/IMG_2200.jpg\"><img loading=\"lazy\" decoding=\"async\" class=\"alignnone size-large wp-image-10877\" title=\"IMG_2200\" src=\"http:\/\/www.pasassezdetemps.com\/wp-content\/uploads\/2021\/12\/IMG_2200-1024x768.jpg\" alt=\"\" width=\"584\" height=\"438\" srcset=\"https:\/\/www.pasassezdetemps.com\/wp-content\/uploads\/2021\/12\/IMG_2200-1024x768.jpg 1024w, https:\/\/www.pasassezdetemps.com\/wp-content\/uploads\/2021\/12\/IMG_2200-300x225.jpg 300w, https:\/\/www.pasassezdetemps.com\/wp-content\/uploads\/2021\/12\/IMG_2200-400x300.jpg 400w, https:\/\/www.pasassezdetemps.com\/wp-content\/uploads\/2021\/12\/IMG_2200.jpg 1280w\" sizes=\"(max-width: 584px) 100vw, 584px\" \/><\/a><br \/>\n<\/strong><\/span><\/p>\n<p><strong>Papa m\u2019interrompait parfois\u00a0: \u00ab\u00a0Est-ce qu\u2019il raconte l\u2019histoire du melon\u00a0?\u00a0\u00bb De Joly pique-niquait en bas de l\u2019aven avec ses co-\u00e9quipiers, d\u2019autres, en surface, fournissaient le mat\u00e9riel demand\u00e9. Ces derniers, au lieu de faire descendre le melon dans un panier, l\u2019ont lanc\u00e9 dans le gouffre\u00a0: le melon a explos\u00e9 et g\u00e9n\u00e9reusement cr\u00e9pi chacun des sp\u00e9l\u00e9ologues de ses innombrables fragments.<\/strong><br \/>\n<span style=\"color: #800000;\"><strong>Dad interrupted me sometimes, \u00ab\u00a0Does he tell the story of the melon?\u00a0\u00bb De Joly was picnicking at the bottom of the aven with his team-mates, others on the surface provided the requested equipment. This ones, instead of lowering the melon into a basket, threw it into the abyss: the melon exploded and generously plastered each of the speleologists with its innumerable fragments.<br \/>\n<a href=\"http:\/\/www.pasassezdetemps.com\/wp-content\/uploads\/2021\/12\/IMG_2209.jpg\"><img loading=\"lazy\" decoding=\"async\" class=\"alignnone size-large wp-image-10881\" title=\"IMG_2209\" src=\"http:\/\/www.pasassezdetemps.com\/wp-content\/uploads\/2021\/12\/IMG_2209-1024x768.jpg\" alt=\"\" width=\"584\" height=\"438\" srcset=\"https:\/\/www.pasassezdetemps.com\/wp-content\/uploads\/2021\/12\/IMG_2209-1024x768.jpg 1024w, https:\/\/www.pasassezdetemps.com\/wp-content\/uploads\/2021\/12\/IMG_2209-300x225.jpg 300w, https:\/\/www.pasassezdetemps.com\/wp-content\/uploads\/2021\/12\/IMG_2209-400x300.jpg 400w, https:\/\/www.pasassezdetemps.com\/wp-content\/uploads\/2021\/12\/IMG_2209.jpg 1280w\" sizes=\"(max-width: 584px) 100vw, 584px\" \/><\/a><br \/>\n<\/strong><\/span><\/p>\n<p><strong>Non, l\u2019histoire du melon n\u2019appara\u00eet pas dans le livre, mais celle de \u00ab\u00a0M. \u00e0 Martel\u00a0\u00bb, si. Lass\u00e9s de la tyrannie de Martel, ses co-\u00e9quipiers avaient \u00e9crit l\u2019insulte \u00e0 son insu, et elle a \u00e9t\u00e9 retrouv\u00e9e au d\u00e9tour d\u2019une galerie, intacte, des ann\u00e9es apr\u00e8s.<\/strong><br \/>\n<span style=\"color: #800000;\"><strong>No, the story of the melon does not appear in the book, but that of \u00ab\u00a0M. \u00e0 Martel\u00a0\u00bb (or S. to Martel, or shit to Martel) does. Tired of Martel&rsquo;s tyranny, his teammates had written the insult without him knowing it, and it was found around a bend in a gallery years later. It was intact.<br \/>\n<a href=\"http:\/\/www.pasassezdetemps.com\/wp-content\/uploads\/2021\/12\/IMG_2221.jpg\"><img loading=\"lazy\" decoding=\"async\" class=\"alignnone size-large wp-image-10882\" title=\"IMG_2221\" src=\"http:\/\/www.pasassezdetemps.com\/wp-content\/uploads\/2021\/12\/IMG_2221-1024x768.jpg\" alt=\"\" width=\"584\" height=\"438\" srcset=\"https:\/\/www.pasassezdetemps.com\/wp-content\/uploads\/2021\/12\/IMG_2221-1024x768.jpg 1024w, https:\/\/www.pasassezdetemps.com\/wp-content\/uploads\/2021\/12\/IMG_2221-300x225.jpg 300w, https:\/\/www.pasassezdetemps.com\/wp-content\/uploads\/2021\/12\/IMG_2221-400x300.jpg 400w, https:\/\/www.pasassezdetemps.com\/wp-content\/uploads\/2021\/12\/IMG_2221.jpg 1280w\" sizes=\"(max-width: 584px) 100vw, 584px\" \/><\/a><br \/>\n<\/strong><\/span><\/p>\n<p><strong>Sur la commune d\u2019Orgnac se trouvent le village d\u2019Orgnac, le site pr\u00e9historique Orgnac III, et l\u2019aven d\u2019Orgnac. Ce dernier comporte les salles accessibles au public, et un r\u00e9seau d\u2019une immensit\u00e9 prodigieuse, que j\u2019ai eu la chance de visiter avec d\u2019autres sp\u00e9l\u00e9os. Je me rappelle de salles o\u00f9 Notre-Dame-de-Paris pourrait rentrer toute enti\u00e8re, bien au large. Il y a quelque part une stalagmite dont le diam\u00e8tre est de plusieurs m\u00e8tres, qui a \u00e9t\u00e9 renvers\u00e9e il y a un grand nombre de mill\u00e9naires\u00a0: impossible d\u2019imaginer la violence du s\u00e9isme. Sur cet \u00e9norme pilier \u00ab\u00a0poussent\u00a0\u00bb \u00e0 nouveau de nouvelles concr\u00e9tions verticales, d\u00e9j\u00e0 d\u2019un grand \u00e2ge elles aussi. J\u2019avais \u00e9t\u00e9 frapp\u00e9e par la beaut\u00e9 et l\u2019immensit\u00e9 du site. J\u2019ai aussi le souvenir d\u2019une \u00e9troiture (passage \u00e9troit) tr\u00e8s difficile \u00e0 franchir.<\/strong><br \/>\n<span style=\"color: #800000;\"><strong>In the town of Orgnac are the village of Orgnac, the prehistoric site of Orgnac III, and the Aven d\u00b4Orgnac. This one includes rooms accessible to the public, and a network of prodigious immensity, which I had the chance to visit with other speleologists. I remember rooms where Notre-Dame-de-Paris could fit in its entirety, without being cramped. There is a stalagmite somewhere with a diamter of several meters that was knocked down many millennia ago: it\u2019s impossible to imagine the violence of the earthquake. On this enormous pillar <strong>new vertical concretions<\/strong> grow <strong>again<\/strong>, already of great age. I had been struck by the beauty and vastness of the site. I also have the memory of a narrowing (narrow passage) very difficult to cross.<br \/>\n<a href=\"http:\/\/www.pasassezdetemps.com\/wp-content\/uploads\/2021\/12\/IMG_2223.jpg\"><img loading=\"lazy\" decoding=\"async\" class=\"alignnone size-large wp-image-10883\" title=\"IMG_2223\" src=\"http:\/\/www.pasassezdetemps.com\/wp-content\/uploads\/2021\/12\/IMG_2223-1024x768.jpg\" alt=\"\" width=\"584\" height=\"438\" srcset=\"https:\/\/www.pasassezdetemps.com\/wp-content\/uploads\/2021\/12\/IMG_2223-1024x768.jpg 1024w, https:\/\/www.pasassezdetemps.com\/wp-content\/uploads\/2021\/12\/IMG_2223-300x225.jpg 300w, https:\/\/www.pasassezdetemps.com\/wp-content\/uploads\/2021\/12\/IMG_2223-400x300.jpg 400w, https:\/\/www.pasassezdetemps.com\/wp-content\/uploads\/2021\/12\/IMG_2223.jpg 1280w\" sizes=\"(max-width: 584px) 100vw, 584px\" \/><\/a><br \/>\n<\/strong><\/span><\/p>\n<p><strong>Ce gouffre existait sans doute d\u00e9j\u00e0 \u00e0 l\u2019\u00e8re tertiaire\u00a0: la d\u00e9mesure aussi bien des dimensions du lieu que de son \u00e2ge donnent le vertige.<\/strong><br \/>\n<span style=\"color: #800000;\"><strong>This chasm undoubtedly already existed in the Tertiary era: the excessiveness of both the size of the place and its age makes you dizzy.<br \/>\n<a href=\"http:\/\/www.pasassezdetemps.com\/wp-content\/uploads\/2021\/12\/IMG_2227.jpg\"><img loading=\"lazy\" decoding=\"async\" class=\"alignnone size-large wp-image-10884\" title=\"IMG_2227\" src=\"http:\/\/www.pasassezdetemps.com\/wp-content\/uploads\/2021\/12\/IMG_2227-1024x768.jpg\" alt=\"\" width=\"584\" height=\"438\" srcset=\"https:\/\/www.pasassezdetemps.com\/wp-content\/uploads\/2021\/12\/IMG_2227-1024x768.jpg 1024w, https:\/\/www.pasassezdetemps.com\/wp-content\/uploads\/2021\/12\/IMG_2227-300x225.jpg 300w, https:\/\/www.pasassezdetemps.com\/wp-content\/uploads\/2021\/12\/IMG_2227-400x300.jpg 400w, https:\/\/www.pasassezdetemps.com\/wp-content\/uploads\/2021\/12\/IMG_2227.jpg 1280w\" sizes=\"(max-width: 584px) 100vw, 584px\" \/><\/a><br \/>\n<\/strong><\/span><\/p>\n<p><strong>Robert De Joly est l\u2019inventeur de l\u2019aven d\u2019Orgnac. Comme papa pratiquait la sp\u00e9l\u00e9o, il a rencontr\u00e9 De Joly \u00e0 plusieurs reprises, dans les ann\u00e9es trente, puis plus r\u00e9cemment. Papa c\u00e9dait volontiers \u00e0 une des fantaisies de cet original\u00a0: pour monter chez lui, on pouvait choisir l\u2019escalier ou l\u2019\u00e9chelle\u2026<\/strong><br \/>\n<span style=\"color: #800000;\"><strong>Robert De Joly is the inventor of the Aven d\u00b4Orgnac. As dad was a speleologist, he met De Joly on several occasions, in the thirties, then more recently. Dad readily gave in to one of the fantasies of this original: to go up to his house, you could choose the staircase or the ladder &#8230;<br \/>\n<a href=\"http:\/\/www.pasassezdetemps.com\/wp-content\/uploads\/2021\/12\/IMG_2229.jpg\"><img loading=\"lazy\" decoding=\"async\" class=\"alignnone size-large wp-image-10889\" title=\"IMG_2229\" src=\"http:\/\/www.pasassezdetemps.com\/wp-content\/uploads\/2021\/12\/IMG_2229-1024x768.jpg\" alt=\"\" width=\"584\" height=\"438\" srcset=\"https:\/\/www.pasassezdetemps.com\/wp-content\/uploads\/2021\/12\/IMG_2229-1024x768.jpg 1024w, https:\/\/www.pasassezdetemps.com\/wp-content\/uploads\/2021\/12\/IMG_2229-300x225.jpg 300w, https:\/\/www.pasassezdetemps.com\/wp-content\/uploads\/2021\/12\/IMG_2229-400x300.jpg 400w, https:\/\/www.pasassezdetemps.com\/wp-content\/uploads\/2021\/12\/IMG_2229.jpg 1280w\" sizes=\"(max-width: 584px) 100vw, 584px\" \/><\/a><br \/>\n<\/strong><\/span><\/p>\n<p><strong>Le probl\u00e8me avec son livre, c\u2019est que l\u2019auteur est un donneur de le\u00e7ons tr\u00e8s imbu de lui-m\u00eame\u00a0: je n\u2019aurais pas aim\u00e9 \u00eatre de ses collaborateurs, il n\u2019a pas l\u2019air de bien les traiter alors qu\u2019ils lui sont indispensables. Mais c\u2019est toujours lui qui descend le premier et joue le beau r\u00f4le. De Joly a fait un travail remarquable mais a beaucoup trop manqu\u00e9 de modestie.<\/strong><br \/>\n<span style=\"color: #800000;\"><strong>The problem with his book is that the author is a very imbued with himself lesson-giver: I would not have liked to be one of his collaborators, he does not seem to treat them well while they are essential to him. But he&rsquo;s always the one who gets off first and plays the good part. De Joly did a remarkable job but was too lacking in modesty.<br \/>\n<a href=\"http:\/\/www.pasassezdetemps.com\/wp-content\/uploads\/2021\/12\/IMG_2230.jpg\"><img loading=\"lazy\" decoding=\"async\" class=\"alignnone size-large wp-image-10890\" title=\"IMG_2230\" src=\"http:\/\/www.pasassezdetemps.com\/wp-content\/uploads\/2021\/12\/IMG_2230-1024x768.jpg\" alt=\"\" width=\"584\" height=\"438\" srcset=\"https:\/\/www.pasassezdetemps.com\/wp-content\/uploads\/2021\/12\/IMG_2230-1024x768.jpg 1024w, https:\/\/www.pasassezdetemps.com\/wp-content\/uploads\/2021\/12\/IMG_2230-300x225.jpg 300w, https:\/\/www.pasassezdetemps.com\/wp-content\/uploads\/2021\/12\/IMG_2230-400x300.jpg 400w, https:\/\/www.pasassezdetemps.com\/wp-content\/uploads\/2021\/12\/IMG_2230.jpg 1280w\" sizes=\"(max-width: 584px) 100vw, 584px\" \/><\/a><br \/>\n<\/strong><\/span><\/p>\n<p style=\"text-align: center;\"><span style=\"color: #800000;\"><strong><span style=\"color: #000000;\">Il y a un cygne<\/span>.<br \/>\nThere is a swan.<br \/>\n<a href=\"http:\/\/www.pasassezdetemps.com\/wp-content\/uploads\/2021\/12\/IMG_2250.jpg\"><img loading=\"lazy\" decoding=\"async\" class=\"alignnone size-large wp-image-10876\" title=\"IMG_2250\" src=\"http:\/\/www.pasassezdetemps.com\/wp-content\/uploads\/2021\/12\/IMG_2250-1024x768.jpg\" alt=\"\" width=\"584\" height=\"438\" srcset=\"https:\/\/www.pasassezdetemps.com\/wp-content\/uploads\/2021\/12\/IMG_2250-1024x768.jpg 1024w, https:\/\/www.pasassezdetemps.com\/wp-content\/uploads\/2021\/12\/IMG_2250-300x225.jpg 300w, https:\/\/www.pasassezdetemps.com\/wp-content\/uploads\/2021\/12\/IMG_2250-400x300.jpg 400w, https:\/\/www.pasassezdetemps.com\/wp-content\/uploads\/2021\/12\/IMG_2250.jpg 1280w\" sizes=\"(max-width: 584px) 100vw, 584px\" \/><\/a><br \/>\n<\/strong><\/span><\/p>\n<p><span style=\"color: #800000;\"><strong><br \/>\n<\/strong><\/span><\/p>\n<p><strong>Pendant son s\u00e9jour ici, en plus d\u2019\u00e9voquer les vieux souvenirs, mon p\u00e8re a pu faire une petite marche chaque jour malgr\u00e9 le temps gris, humide et froid. J\u2019illustre donc cette page avec des photos de brume.<\/strong><br \/>\n<span style=\"color: #800000;\"><strong>During his stay here, in addition to bringing up old memories, my father was able to take a short walk each day despite the gray, wet and cold weather. So I illustrate this page with pictures of mist.<br \/>\n<a href=\"http:\/\/www.pasassezdetemps.com\/wp-content\/uploads\/2021\/12\/IMG_2233.jpg\"><img loading=\"lazy\" decoding=\"async\" class=\"alignnone size-large wp-image-10891\" title=\"IMG_2233\" src=\"http:\/\/www.pasassezdetemps.com\/wp-content\/uploads\/2021\/12\/IMG_2233-768x1024.jpg\" alt=\"\" width=\"584\" height=\"778\" srcset=\"https:\/\/www.pasassezdetemps.com\/wp-content\/uploads\/2021\/12\/IMG_2233-768x1024.jpg 768w, https:\/\/www.pasassezdetemps.com\/wp-content\/uploads\/2021\/12\/IMG_2233-225x300.jpg 225w, https:\/\/www.pasassezdetemps.com\/wp-content\/uploads\/2021\/12\/IMG_2233.jpg 960w\" sizes=\"(max-width: 584px) 100vw, 584px\" \/><\/a><br \/>\n<\/strong><\/span><\/p>\n<p><strong>Je l\u2019ai raccompagn\u00e9 chez lui puis je suis revenue sans tarder. Notre quotidien n\u2019a rien de palpitant. Nous traversons une p\u00e9riode difficile\u00a0: les jours les plus courts, raccourcis encore par l\u2019absence de soleil. Paul a cherch\u00e9 \u00e0 se consoler en faisant une recherche sur la longueur de la nuit\u00a0: je crois que les jours ont fini de diminuer. Je passe du temps \u00e0 trier des photos, \u00e0 trier des courriels, \u00e0 r\u00e9diger la chronique \u00e0 venir\u2026 Paul aussi a de quoi s\u2019occuper. Nous avons chaque jour notre moment de musique. J\u2019avais perdu le go\u00fbt de chanter, cela redevient un plaisir\u2026<\/strong><br \/>\n<span style=\"color: #800000;\"><strong>I took him home and then returned without delay. Our daily life is not exciting. We are going through a difficult period: the shortest days, made even shorter by the lack of sun. Paul sought to console himself by researching the length of the night: I believe the days have ended reducing. I spend time sorting photos, sorting emails, writing the upcoming column &#8230; Paul has plenty to keep busy too. We have our music moment every day. I had lost the taste for singing, it becomes a pleasure again &#8230;<br \/>\n<a href=\"http:\/\/www.pasassezdetemps.com\/wp-content\/uploads\/2021\/12\/IMG_2240.jpg\"><img loading=\"lazy\" decoding=\"async\" class=\"alignnone size-large wp-image-10892\" title=\"IMG_2240\" src=\"http:\/\/www.pasassezdetemps.com\/wp-content\/uploads\/2021\/12\/IMG_2240-1024x768.jpg\" alt=\"\" width=\"584\" height=\"438\" srcset=\"https:\/\/www.pasassezdetemps.com\/wp-content\/uploads\/2021\/12\/IMG_2240-1024x768.jpg 1024w, https:\/\/www.pasassezdetemps.com\/wp-content\/uploads\/2021\/12\/IMG_2240-300x225.jpg 300w, https:\/\/www.pasassezdetemps.com\/wp-content\/uploads\/2021\/12\/IMG_2240-400x300.jpg 400w, https:\/\/www.pasassezdetemps.com\/wp-content\/uploads\/2021\/12\/IMG_2240.jpg 1280w\" sizes=\"(max-width: 584px) 100vw, 584px\" \/><\/a><br \/>\n<\/strong><\/span><\/p>\n<p><strong>J\u2019aurais bien entendu et comme toujours, des coups de col\u00e8re \u00e0 publier, mais le sujet lasse tout le monde. J\u2019aurai peut-\u00eatre du nouveau, des informations \u00e0 transmettre &#8211; je ne sais comment le faire, ni quand, ni m\u00eame ce que je communiquerai au final.<\/strong><br \/>\n<span style=\"color: #800000;\"><strong>Of course, and as always, I would have angry outbursts to publish, but everyone is bored with the subject. Maybe I will have something new, some information to convey &#8211; I don&rsquo;t know how, or when, or even what to communicate in the end.<br \/>\n<a href=\"http:\/\/www.pasassezdetemps.com\/wp-content\/uploads\/2021\/12\/IMG_2243.jpg\"><img loading=\"lazy\" decoding=\"async\" class=\"alignnone size-large wp-image-10897\" title=\"IMG_2243\" src=\"http:\/\/www.pasassezdetemps.com\/wp-content\/uploads\/2021\/12\/IMG_2243-1024x768.jpg\" alt=\"\" width=\"584\" height=\"438\" srcset=\"https:\/\/www.pasassezdetemps.com\/wp-content\/uploads\/2021\/12\/IMG_2243-1024x768.jpg 1024w, https:\/\/www.pasassezdetemps.com\/wp-content\/uploads\/2021\/12\/IMG_2243-300x225.jpg 300w, https:\/\/www.pasassezdetemps.com\/wp-content\/uploads\/2021\/12\/IMG_2243-400x300.jpg 400w, https:\/\/www.pasassezdetemps.com\/wp-content\/uploads\/2021\/12\/IMG_2243.jpg 1280w\" sizes=\"(max-width: 584px) 100vw, 584px\" \/><\/a><br \/>\n<\/strong><\/span><\/p>\n<p style=\"text-align: center;\"><strong>Il y avait un tagueur.<\/strong><br \/>\n<span style=\"color: #800000;\"><strong>There was a tagger.<br \/>\n<a href=\"http:\/\/www.pasassezdetemps.com\/wp-content\/uploads\/2021\/12\/IMG_2268.jpg\"><img loading=\"lazy\" decoding=\"async\" class=\"alignnone size-large wp-image-10895\" title=\"IMG_2268\" src=\"http:\/\/www.pasassezdetemps.com\/wp-content\/uploads\/2021\/12\/IMG_2268-768x1024.jpg\" alt=\"\" width=\"584\" height=\"778\" srcset=\"https:\/\/www.pasassezdetemps.com\/wp-content\/uploads\/2021\/12\/IMG_2268-768x1024.jpg 768w, https:\/\/www.pasassezdetemps.com\/wp-content\/uploads\/2021\/12\/IMG_2268-225x300.jpg 225w, https:\/\/www.pasassezdetemps.com\/wp-content\/uploads\/2021\/12\/IMG_2268.jpg 960w\" sizes=\"(max-width: 584px) 100vw, 584px\" \/><\/a><br \/>\n<\/strong><\/span><\/p>\n<p><strong>No\u00ebl approche \u00e0 grands pas et j\u2019ai h\u00e2te de retrouver la petite famille. Depuis des ann\u00e9es nous \u00e9vitons la surconsommation qui semble pourtant \u00eatre la maladie d\u2019une majorit\u00e9 de gens. Pour moi cette f\u00eate n\u2019a pas d\u2019autre int\u00e9r\u00eat que de retrouver ceux que l\u2019on aime.<\/strong><br \/>\n<span style=\"color: #800000;\"><strong>Christmas is fast approaching and I can&rsquo;t wait to reunite with the little family. For years we have avoided overconsumption, which seems to be the disease of most people. For me this feast has no other interest than finding those we love.<br \/>\n<a href=\"http:\/\/www.pasassezdetemps.com\/wp-content\/uploads\/2021\/12\/IMG_2248.jpg\"><img loading=\"lazy\" decoding=\"async\" class=\"alignnone size-large wp-image-10898\" title=\"IMG_2248\" src=\"http:\/\/www.pasassezdetemps.com\/wp-content\/uploads\/2021\/12\/IMG_2248-1024x778.jpg\" alt=\"\" width=\"584\" height=\"443\" srcset=\"https:\/\/www.pasassezdetemps.com\/wp-content\/uploads\/2021\/12\/IMG_2248-1024x778.jpg 1024w, https:\/\/www.pasassezdetemps.com\/wp-content\/uploads\/2021\/12\/IMG_2248-300x228.jpg 300w, https:\/\/www.pasassezdetemps.com\/wp-content\/uploads\/2021\/12\/IMG_2248-394x300.jpg 394w, https:\/\/www.pasassezdetemps.com\/wp-content\/uploads\/2021\/12\/IMG_2248.jpg 1280w\" sizes=\"(max-width: 584px) 100vw, 584px\" \/><\/a><br \/>\n<\/strong><\/span><\/p>\n<p><strong>Je vous souhaite \u00e0 tous le meilleur.<\/strong><br \/>\n<span style=\"color: #800000;\"><strong>I wish you all the best.<\/strong><\/span><\/p>\n<p><a href=\"http:\/\/www.pasassezdetemps.com\/wp-content\/uploads\/2021\/12\/IMG_4064.jpg\"><img loading=\"lazy\" decoding=\"async\" class=\"alignnone size-large wp-image-10896\" title=\"IMG_4064\" src=\"http:\/\/www.pasassezdetemps.com\/wp-content\/uploads\/2021\/12\/IMG_4064-1024x682.jpg\" alt=\"\" width=\"584\" height=\"388\" srcset=\"https:\/\/www.pasassezdetemps.com\/wp-content\/uploads\/2021\/12\/IMG_4064-1024x682.jpg 1024w, https:\/\/www.pasassezdetemps.com\/wp-content\/uploads\/2021\/12\/IMG_4064-300x199.jpg 300w, https:\/\/www.pasassezdetemps.com\/wp-content\/uploads\/2021\/12\/IMG_4064-450x300.jpg 450w, https:\/\/www.pasassezdetemps.com\/wp-content\/uploads\/2021\/12\/IMG_4064.jpg 1280w\" sizes=\"(max-width: 584px) 100vw, 584px\" \/><\/a><\/p>\n","protected":false},"excerpt":{"rendered":"<p>Il y a un pont. There&rsquo;s a bridge. Mon p\u00e8re n\u2019est pas venu chez nous pendant deux ann\u00e9es, \u00e0 cause des confinements bien entendu. \u00c2g\u00e9 maintenant de 94 ans, il lui a \u00e9t\u00e9 difficile de revenir, l\u2019habitude s\u2019\u00e9tant perdue, mais &hellip; <a href=\"https:\/\/www.pasassezdetemps.com\/?p=10871\">Continuer la lecture <span class=\"meta-nav\">&rarr;<\/span><\/a><\/p>\n","protected":false},"author":1,"featured_media":0,"comment_status":"open","ping_status":"open","sticky":false,"template":"","format":"standard","meta":{"_monsterinsights_skip_tracking":false,"_monsterinsights_sitenote_active":false,"_monsterinsights_sitenote_note":"","_monsterinsights_sitenote_category":0,"footnotes":""},"categories":[1],"tags":[],"class_list":["post-10871","post","type-post","status-publish","format-standard","hentry","category-non-classe"],"_links":{"self":[{"href":"https:\/\/www.pasassezdetemps.com\/index.php?rest_route=\/wp\/v2\/posts\/10871"}],"collection":[{"href":"https:\/\/www.pasassezdetemps.com\/index.php?rest_route=\/wp\/v2\/posts"}],"about":[{"href":"https:\/\/www.pasassezdetemps.com\/index.php?rest_route=\/wp\/v2\/types\/post"}],"author":[{"embeddable":true,"href":"https:\/\/www.pasassezdetemps.com\/index.php?rest_route=\/wp\/v2\/users\/1"}],"replies":[{"embeddable":true,"href":"https:\/\/www.pasassezdetemps.com\/index.php?rest_route=%2Fwp%2Fv2%2Fcomments&post=10871"}],"version-history":[{"count":17,"href":"https:\/\/www.pasassezdetemps.com\/index.php?rest_route=\/wp\/v2\/posts\/10871\/revisions"}],"predecessor-version":[{"id":10905,"href":"https:\/\/www.pasassezdetemps.com\/index.php?rest_route=\/wp\/v2\/posts\/10871\/revisions\/10905"}],"wp:attachment":[{"href":"https:\/\/www.pasassezdetemps.com\/index.php?rest_route=%2Fwp%2Fv2%2Fmedia&parent=10871"}],"wp:term":[{"taxonomy":"category","embeddable":true,"href":"https:\/\/www.pasassezdetemps.com\/index.php?rest_route=%2Fwp%2Fv2%2Fcategories&post=10871"},{"taxonomy":"post_tag","embeddable":true,"href":"https:\/\/www.pasassezdetemps.com\/index.php?rest_route=%2Fwp%2Fv2%2Ftags&post=10871"}],"curies":[{"name":"wp","href":"https:\/\/api.w.org\/{rel}","templated":true}]}}